{"id":1679,"date":"2024-03-02T13:18:16","date_gmt":"2024-03-02T12:18:16","guid":{"rendered":"https:\/\/paulusgemeinde-raunheim.de\/?p=1679"},"modified":"2024-03-02T13:51:56","modified_gmt":"2024-03-02T12:51:56","slug":"arbeitsgerichtsverfahren-gegen-die-paulusgemeinde-2023-2024","status":"publish","type":"post","link":"https:\/\/paulusgemeinde-raunheim.de\/?p=1679","title":{"rendered":"2024.02: Arbeitsgerichtsverfahren"},"content":{"rendered":"\n<h2 class=\"wp-block-heading\">gegen die Paulusgemeinde (2023\/2024)<\/h2>\n\n\n\n<p> (Arbeitsgericht Darmstadt Az.: 2 CA 201\/23)<\/p>\n\n\n\n<p>Die Presse hat \u00fcber das Verfahren der &#8222;Mobbing&#8220; Klage der Kita Leiterin gegen die Evangelische Paulusgemeinde (Beklagte zu 1.) und Pfr. Dr. Dieter Becker (Beklagter zu 2.) umfassend und auch h\u00e4ufig &#8211; leider &#8211; rei\u00dferisch unwahr berichtet. <\/p>\n\n\n\n<p>Die Paulusgemeinde hat sich an der effektheischenden Berichterstattung nicht beteiligt, um den Eskalationsbestrebungen entgegen zu stehen. <\/p>\n\n\n\n<p>Am 24.11.2023 fand eine G\u00fcteverhandlung vor Gericht statt. Eine Einigung konnte nicht erzielt werden, weil die Kl\u00e4gerin &#8222;Gerechtigkeit&#8220; wolle.<\/p>\n\n\n\n<p>Am 23.02.2024 fand der \u00f6ffentliche Kammer-Gerichtstermin vor 3 Richterinnen (Vorsitz: Richterin Hennecke) bei zahlreicher Zuschauerzahl und Pressevertretern statt.<\/p>\n\n\n\n<p><strong>Zun\u00e4chst: <\/strong><br>Es gab &#8211; entgegen der Darstellung aus dem R\u00fcsselsheimer Echo vom 27.02.2024 (siehe Link unten) &#8211; nur EINE KLAGE mit ZWEI BEKLAGTEN.<br>Die Widerklage des Beklagten zu 2. gegen die Kl\u00e4gerin wird abgetrennt und gesondert OHNE die Beklagte zu 1. (Paulusgemeinde) unter neuem Aktenzeichen verhandelt. <\/p>\n\n\n\n<p><strong>Inhalte:<\/strong><br>In der ausf\u00fchrlichen und ca. 2 Stunden dauernden Gerichtssitzung wurde die F\u00fclle der einzelnen Vorw\u00fcrfe der Kl\u00e4gerin detailliert aufgearbeitet.<\/p>\n\n\n\n<p>Das Arbeitsgericht  Darmstadt hat ein Urteil gef\u00e4llt:<br>1. Die Klage wird abgewiesen.<br>2. Die Kosten werden der Kl\u00e4gerin auferlegt.<br>3. Eine Berufung wird gesondert nicht zugelassen.<\/p>\n\n\n\n<p>Das schriftliche Urteil wird noch erstellt und geht den Parteien des Verfahrens zu. <br>Ob seitens der Kl\u00e4gerin eine nicht gesonderte Berufung beim Landesarbeitsgericht in Frankfurt eingelegt wird, wird sich zeigen. <\/p>\n\n\n\n<p> <strong>Verweise \/ LINKS \/ Presse<\/strong><\/p>\n\n\n\n<p><a href=\"https:\/\/paulusgemeinde-raunheim.de\/wp-content\/uploads\/2024\/03\/Pressemitteilung-2402-01-Pressemitteilung-zum-Arbeitsgerichtsverfahren-gegen-die-Paulusgemeinde_.pdf\" data-type=\"link\" data-id=\"https:\/\/paulusgemeinde-raunheim.de\/wp-content\/uploads\/2024\/03\/Pressemitteilung-2402-01-Pressemitteilung-zum-Arbeitsgerichtsverfahren-gegen-die-Paulusgemeinde_.pdf\" target=\"_blank\" rel=\"noreferrer noopener\">Pressemitteilung der Paulusgemeinde vom 27.02.2024<\/a><\/p>\n\n\n\n<p><a href=\"https:\/\/www.echo-online.de\/lokales\/kreis-gross-gerau\/raunheim\/arbeitsgericht-hat-entschieden-mobbing-in-kita-oder-nicht-3345560\" data-type=\"link\" data-id=\"https:\/\/www.echo-online.de\/lokales\/kreis-gross-gerau\/raunheim\/arbeitsgericht-hat-entschieden-mobbing-in-kita-oder-nicht-3345560\" target=\"_blank\" rel=\"noreferrer noopener\">Beitrag im R\u00fcsselsheimer Echo vom 27.02.2024<\/a><\/p>\n\n\n\n<p><a href=\"https:\/\/www.fr.de\/rhein-main\/darmstadt\/arbeitsgericht-darmstadt-weist-mobbingklage-gegen-raunheimer-pfarrer-ab-92858266.html\" data-type=\"link\" data-id=\"https:\/\/www.fr.de\/rhein-main\/darmstadt\/arbeitsgericht-darmstadt-weist-mobbingklage-gegen-raunheimer-pfarrer-ab-92858266.html\" target=\"_blank\" rel=\"noreferrer noopener\">Beitrag der Frankfurter Rundschau vom 28.02.2024<\/a><\/p>\n\n\n\n<p><a href=\"https:\/\/www.kanzlei-hersfeld.de\/mobbing-fall-darmstadt\/\" data-type=\"link\" data-id=\"https:\/\/www.kanzlei-hersfeld.de\/mobbing-fall-darmstadt\/\" target=\"_blank\" rel=\"noreferrer noopener\">Rechtsanwalt Albrecht (Rechtlicher Vertreter der Paulusgemeinde)<\/a><\/p>\n\n\n\n<p><\/p>\n","protected":false},"excerpt":{"rendered":"<p>gegen die Paulusgemeinde (2023\/2024) (Arbeitsgericht Darmstadt Az.: 2 CA 201\/23) Die Presse hat \u00fcber das Verfahren der &#8222;Mobbing&#8220; Klage der Kita Leiterin gegen die Evangelische Paulusgemeinde (Beklagte zu 1.) und &hellip; <a href=\"https:\/\/paulusgemeinde-raunheim.de\/?p=1679\" class=\"more-link\"><span class=\"screen-reader-text\">2024.02: Arbeitsgerichtsverfahren<\/span> weiterlesen <span class=\"meta-nav\">&rarr;<\/span><\/a><\/p>\n","protected":false},"author":1,"featured_media":0,"comment_status":"closed","ping_status":"closed","sticky":false,"template":"","format":"standard","meta":{"footnotes":""},"categories":[1],"tags":[],"class_list":["post-1679","post","type-post","status-publish","format-standard","hentry","category-uncategorized"],"_links":{"self":[{"href":"https:\/\/paulusgemeinde-raunheim.de\/index.php?rest_route=\/wp\/v2\/posts\/1679","targetHints":{"allow":["GET"]}}],"collection":[{"href":"https:\/\/paulusgemeinde-raunheim.de\/index.php?rest_route=\/wp\/v2\/posts"}],"about":[{"href":"https:\/\/paulusgemeinde-raunheim.de\/index.php?rest_route=\/wp\/v2\/types\/post"}],"author":[{"embeddable":true,"href":"https:\/\/paulusgemeinde-raunheim.de\/index.php?rest_route=\/wp\/v2\/users\/1"}],"replies":[{"embeddable":true,"href":"https:\/\/paulusgemeinde-raunheim.de\/index.php?rest_route=%2Fwp%2Fv2%2Fcomments&post=1679"}],"version-history":[{"count":15,"href":"https:\/\/paulusgemeinde-raunheim.de\/index.php?rest_route=\/wp\/v2\/posts\/1679\/revisions"}],"predecessor-version":[{"id":1704,"href":"https:\/\/paulusgemeinde-raunheim.de\/index.php?rest_route=\/wp\/v2\/posts\/1679\/revisions\/1704"}],"wp:attachment":[{"href":"https:\/\/paulusgemeinde-raunheim.de\/index.php?rest_route=%2Fwp%2Fv2%2Fmedia&parent=1679"}],"wp:term":[{"taxonomy":"category","embeddable":true,"href":"https:\/\/paulusgemeinde-raunheim.de\/index.php?rest_route=%2Fwp%2Fv2%2Fcategories&post=1679"},{"taxonomy":"post_tag","embeddable":true,"href":"https:\/\/paulusgemeinde-raunheim.de\/index.php?rest_route=%2Fwp%2Fv2%2Ftags&post=1679"}],"curies":[{"name":"wp","href":"https:\/\/api.w.org\/{rel}","templated":true}]}}