{"id":520,"date":"2020-07-11T20:33:16","date_gmt":"2020-07-11T18:33:16","guid":{"rendered":"http:\/\/epr.paulusgemeinde-raunheim.de\/?p=520"},"modified":"2020-07-11T20:33:16","modified_gmt":"2020-07-11T18:33:16","slug":"corona-schutzkonzept-raunheim","status":"publish","type":"post","link":"https:\/\/paulusgemeinde-raunheim.de\/?p=520","title":{"rendered":"Corona Schutzkonzept Raunheim"},"content":{"rendered":"<p><br>\n<!--StartFragment--><\/p>\n\n\n<ul class=\"wp-block-list\"><li>Die Hinweise des RKI zu notwendigen Hygienema\u00dfnahmen h\u00e4ngen, liegen aus.<\/li><li>Alle k\u00f6rperlichen Kontakte und zu gro\u00dfe N\u00e4he, insbesondere beim Begr\u00fc\u00dfen und Verabschieden, sind zu vermeiden. <\/li><li>Das Tragen eines Mund-Nase-Schutzes ist empfohlen.<\/li><li>Auf ausreichenden Abstand von mindestens 1,5 m ist bei der Einnahme von Sitzpl\u00e4tzen zu achten, sofern die Personen nicht im selben Haushalt wohnen. <\/li><li>Keine direkte \u00dcbergabe (Hand zu Hand) von \u201eDingen\u201c wie Papieren, Gesangb\u00fccher oder auch Abendmahl.<\/li><li><strong>Abendmahl<\/strong> kann nun unter spezifischen Bedingungen durchgef\u00fchrt werden. Dazu werden f\u00fcr jede Kirche bzw. f\u00fcr jedes Abendmahl eigene Schutzregeln und -verfahren ausgearbeitet und mitgeteilt.<\/li><\/ul>\n\n\n\n<p><strong>Generelle Vorgaben bzw. Empfehlungen der Landeskirche<\/strong><\/p>\n\n\n\n<ul class=\"wp-block-list\"><li>Hinreichende M\u00f6glichkeiten der Desinfektion.<\/li><li>Emporen: B\u00e4nke an den Au\u00dfenw\u00e4nden k\u00f6nnen mit 1,5 Meter Abstand auch zur Br\u00fcstung besetzt werden.<\/li><li>Keine Gesang bzw. Lieder der Gemeinde oder Ausgabe von Gesangb\u00fcchern, keine Chorauftritte.<\/li><li>Abstand zum Pfarrer von 4 Meter beim Gottesdienst im Altarbereich (Ausnahme Abendmahl)<\/li><\/ul>\n\n\n<p><!--EndFragment--><br>\n<br>\n<\/p>","protected":false},"excerpt":{"rendered":"<p>Die Hinweise des RKI zu notwendigen Hygienema\u00dfnahmen h\u00e4ngen, liegen aus. Alle k\u00f6rperlichen Kontakte und zu gro\u00dfe N\u00e4he, insbesondere beim Begr\u00fc\u00dfen und Verabschieden, sind zu vermeiden. Das Tragen eines Mund-Nase-Schutzes ist &hellip; <a href=\"https:\/\/paulusgemeinde-raunheim.de\/?p=520\" class=\"more-link\"><span class=\"screen-reader-text\">Corona Schutzkonzept Raunheim<\/span> weiterlesen <span class=\"meta-nav\">&rarr;<\/span><\/a><\/p>\n","protected":false},"author":1,"featured_media":0,"comment_status":"closed","ping_status":"closed","sticky":false,"template":"","format":"standard","meta":{"footnotes":""},"categories":[1],"tags":[],"class_list":["post-520","post","type-post","status-publish","format-standard","hentry","category-uncategorized"],"_links":{"self":[{"href":"https:\/\/paulusgemeinde-raunheim.de\/index.php?rest_route=\/wp\/v2\/posts\/520","targetHints":{"allow":["GET"]}}],"collection":[{"href":"https:\/\/paulusgemeinde-raunheim.de\/index.php?rest_route=\/wp\/v2\/posts"}],"about":[{"href":"https:\/\/paulusgemeinde-raunheim.de\/index.php?rest_route=\/wp\/v2\/types\/post"}],"author":[{"embeddable":true,"href":"https:\/\/paulusgemeinde-raunheim.de\/index.php?rest_route=\/wp\/v2\/users\/1"}],"replies":[{"embeddable":true,"href":"https:\/\/paulusgemeinde-raunheim.de\/index.php?rest_route=%2Fwp%2Fv2%2Fcomments&post=520"}],"version-history":[{"count":1,"href":"https:\/\/paulusgemeinde-raunheim.de\/index.php?rest_route=\/wp\/v2\/posts\/520\/revisions"}],"predecessor-version":[{"id":521,"href":"https:\/\/paulusgemeinde-raunheim.de\/index.php?rest_route=\/wp\/v2\/posts\/520\/revisions\/521"}],"wp:attachment":[{"href":"https:\/\/paulusgemeinde-raunheim.de\/index.php?rest_route=%2Fwp%2Fv2%2Fmedia&parent=520"}],"wp:term":[{"taxonomy":"category","embeddable":true,"href":"https:\/\/paulusgemeinde-raunheim.de\/index.php?rest_route=%2Fwp%2Fv2%2Fcategories&post=520"},{"taxonomy":"post_tag","embeddable":true,"href":"https:\/\/paulusgemeinde-raunheim.de\/index.php?rest_route=%2Fwp%2Fv2%2Ftags&post=520"}],"curies":[{"name":"wp","href":"https:\/\/api.w.org\/{rel}","templated":true}]}}