{"id":62,"date":"2020-03-26T18:45:49","date_gmt":"2020-03-26T18:45:49","guid":{"rendered":"http:\/\/epr.paulusgemeinde-raunheim.de\/?p=62"},"modified":"2021-12-04T20:22:29","modified_gmt":"2021-12-04T19:22:29","slug":"raumvermietungen","status":"publish","type":"post","link":"https:\/\/paulusgemeinde-raunheim.de\/?p=62","title":{"rendered":"Raumvermietungen"},"content":{"rendered":"<p>Hier finden Sie Informationen, wenn Sie einen Raum im Martin-Luther-Haus, Wilhelm-Leuschner-Str. 12, 65479 Raunheim anmieten m\u00f6chten. Beachten Sie bitte die Grunds\u00e4tze, die der Kirchenvorstand erarbeitet hat.<\/p>\n<h5>Vermietungen unter Corona-Bedingungen<\/h5>\n<p>Beachten Sie bitte, dass unter Corona-Bedingungen sich die Anzahl der Personen in den R\u00e4umen drastisch verringert (Gro\u00dfer Saal-ca. 40; kleiner Saal- ca. 12-15). Zudem ist keine K\u00fcchenn\u00fctzung m\u00f6glich.<\/p>\n<p>Bei Anfragen senden Sie uns eine E-Mail (B\u00fcro-bitte!) oder melden Sie sich beim Gemeindeb\u00fcro (<a href=\"https:\/\/paulusgemeinde-raunheim.de\/?page_id=43\" target=\"_blank\" rel=\"noopener\"><strong>KONTAKTDATEN<\/strong><\/a>)<\/p>\n<div class=\"indent\">\n<div class=\"indent\">\n<div class=\"indent\">\n<p><a href=\"https:\/\/paulusgemeinde-raunheim.de\/wp-content\/uploads\/2021\/12\/Grundsaetze_fuer_Vermietungen_MLHaus.pdf\" target=\"_blank\" rel=\"noopener\"><b>GRUNDS\u00c4TZE der Vermietung von R\u00e4umen<br \/>\n(als PDF DOWNLOAD)<\/b><\/a><\/p>\n<hr \/>\n<h3>Vermietungs-Grunds\u00e4tze in Textform<\/h3>\n<p>Hinsichtlich von Anfragen zur Raummiete hat die Paulusgemeinde f\u00fcr das Martin-Luther-Haus, Wilhelm-Leuschner-Str. 12, einige Grunds\u00e4tze erarbeitet.<\/p>\n<p>Vermietungen k\u00f6nnen unter folgenden Aspekten erfolgen:<\/p>\n<ul>\n<li>\u00a0Sie sind evangelisches Gemeindemitglieder bzw. Mitarbeitende der Kirchengemeinde<\/li>\n<li>Bei Anmietung durch Personen anderer Konfessionen ist ein<br \/>\nevangelischer Ansprechpartner als Teilnehmer der Feier erforderlich<\/li>\n<li>Die Anmietung steht in einer Verbindung mit einer kirchlichen<br \/>\nAmtshandlung wie Taufe, Konfirmation, Hochzeit oder Beerdigung<\/li>\n<li>Anmietung auch bei Seniorengeburtstage nur ab hohem Alter; oder sehr kleinen Kindern<\/li>\n<li>M\u00f6glich ist im Martin-Luther-Haus lediglich das \u201eKaffeetrinken\u201c.<br \/>\nKochen oder Aufw\u00e4rmen von Speisen ist in der K\u00fcche nicht erlaubt, weil keine Zulassung daf\u00fcr vorhanden ist.<\/li>\n<li>Die Feier MUSS in jedem Fall um 2200 Uhr beendet sein.<\/li>\n<li>Laute Musik ist im Interesse der Nachbar nicht erw\u00fcnscht.<\/li>\n<li>Die R\u00e4ume sind sauber zu verlassen (Besenrein).<\/li>\n<li>Verwendetes Geschirr zu reinigen; ggf. zu ersetzen.<\/li>\n<li>Aktuelle Vermiet-Preise (inkl. Tische, St\u00fchle, Geschirr, Endreinigung):<br \/>\n&#8211; Gro\u00dfer Saal im Obergeschoss: 150,- \u20ac (ca. 300 qm plus B\u00fchne &#8211; 100qm)<br \/>\n&#8211; Kleiner Raum im Parterre: 80,- \u20ac (ca. 60 qm)<br \/>\n&#8211; Beide R\u00e4ume gemeinsam: 200,- \u20ac<br \/>\n&#8211; Kaution: 300,- \u20ac<\/li>\n<li>Das Martin Luther-Haus ist NICHT barrierefrei. Zum Parterre geht es stufen runter; zum gro\u00dfen Saal eine Treppe hoch; kein Lift vorhanden. Parkpl\u00e4tze sind keine vorhanden.<\/li>\n<\/ul>\n<\/div>\n<\/div>\n<\/div>\n","protected":false},"excerpt":{"rendered":"<p>Hier finden Sie Informationen, wenn Sie einen Raum im Martin-Luther-Haus, Wilhelm-Leuschner-Str. 12, 65479 Raunheim anmieten m\u00f6chten. Beachten Sie bitte die Grunds\u00e4tze, die der Kirchenvorstand erarbeitet hat. Vermietungen unter Corona-Bedingungen Beachten &hellip; <a href=\"https:\/\/paulusgemeinde-raunheim.de\/?p=62\" class=\"more-link\"><span class=\"screen-reader-text\">Raumvermietungen<\/span> weiterlesen <span class=\"meta-nav\">&rarr;<\/span><\/a><\/p>\n","protected":false},"author":1,"featured_media":0,"comment_status":"closed","ping_status":"closed","sticky":false,"template":"","format":"standard","meta":{"footnotes":""},"categories":[1],"tags":[],"class_list":["post-62","post","type-post","status-publish","format-standard","hentry","category-uncategorized"],"_links":{"self":[{"href":"https:\/\/paulusgemeinde-raunheim.de\/index.php?rest_route=\/wp\/v2\/posts\/62","targetHints":{"allow":["GET"]}}],"collection":[{"href":"https:\/\/paulusgemeinde-raunheim.de\/index.php?rest_route=\/wp\/v2\/posts"}],"about":[{"href":"https:\/\/paulusgemeinde-raunheim.de\/index.php?rest_route=\/wp\/v2\/types\/post"}],"author":[{"embeddable":true,"href":"https:\/\/paulusgemeinde-raunheim.de\/index.php?rest_route=\/wp\/v2\/users\/1"}],"replies":[{"embeddable":true,"href":"https:\/\/paulusgemeinde-raunheim.de\/index.php?rest_route=%2Fwp%2Fv2%2Fcomments&post=62"}],"version-history":[{"count":7,"href":"https:\/\/paulusgemeinde-raunheim.de\/index.php?rest_route=\/wp\/v2\/posts\/62\/revisions"}],"predecessor-version":[{"id":1102,"href":"https:\/\/paulusgemeinde-raunheim.de\/index.php?rest_route=\/wp\/v2\/posts\/62\/revisions\/1102"}],"wp:attachment":[{"href":"https:\/\/paulusgemeinde-raunheim.de\/index.php?rest_route=%2Fwp%2Fv2%2Fmedia&parent=62"}],"wp:term":[{"taxonomy":"category","embeddable":true,"href":"https:\/\/paulusgemeinde-raunheim.de\/index.php?rest_route=%2Fwp%2Fv2%2Fcategories&post=62"},{"taxonomy":"post_tag","embeddable":true,"href":"https:\/\/paulusgemeinde-raunheim.de\/index.php?rest_route=%2Fwp%2Fv2%2Ftags&post=62"}],"curies":[{"name":"wp","href":"https:\/\/api.w.org\/{rel}","templated":true}]}}